{"id":7865,"date":"2026-03-11T18:13:00","date_gmt":"2026-03-11T17:13:00","guid":{"rendered":"https:\/\/www.franke-raumwert.de\/aktuelles\/?p=7865"},"modified":"2026-03-06T14:17:03","modified_gmt":"2026-03-06T13:17:03","slug":"metrofliesen-vertikal-verlegen-der-moderne-trend-fuer-bad-dusche-und-kueche-2026","status":"publish","type":"post","link":"https:\/\/www.franke-raumwert.de\/aktuelles\/metrofliesen-vertikal-verlegen-der-moderne-trend-fuer-bad-dusche-und-kueche-2026\/2026\/03","title":{"rendered":"Metrofliesen vertikal verlegen: Der moderne Trend f\u00fcr Bad, Dusche und K\u00fcche 2026"},"content":{"rendered":"\n<p>Vertikal verlegte Metrofliesen sind 2026 mehr als nur ein Trend. Sie sind eine bewusste Designentscheidung. W\u00e4hrend die klassische horizontale Verlegung seit Jahrzehnten als Standard gilt, interpretieren Architekten und Interior-Designer das ikonische Format neu, klarer, h\u00f6her, moderner.<\/p>\n\n\n\n<p>Die vertikale Ausrichtung ver\u00e4ndert die Raumwahrnehmung unmittelbar. W\u00e4nde wirken gestreckter, Decken optisch h\u00f6her. Gerade in B\u00e4dern, G\u00e4ste-WCs oder K\u00fcchen entsteht eine elegante Linienf\u00fchrung mit architektonischer Pr\u00e4zision. Das klassische 7,5 \u00d7 15 cm oder 6 \u00d7 25 cm Format wird so zum Gestaltungselement mit echter Tiefenwirkung.<\/p>\n\n\n\n<figure class=\"wp-block-image size-large is-resized\"><img alt=\"\" fetchpriority=\"high\" decoding=\"async\" width=\"1024\" height=\"1024\" src=\"https:\/\/www.franke-raumwert.de\/aktuelles\/wp-content\/uploads\/2026\/03\/sant-agostino-tetris-orchid-lucida-5x20-01-1024x1024.jpg\" alt=\"Fliederfarbige Metrofliesen als K\u00fcchenr\u00fcckwand\n\" class=\"wp-image-7868\" style=\"width:775px;height:auto\" srcset=\"https:\/\/www.franke-raumwert.de\/aktuelles\/wp-content\/uploads\/2026\/03\/sant-agostino-tetris-orchid-lucida-5x20-01-1024x1024.jpg 1024w, https:\/\/www.franke-raumwert.de\/aktuelles\/wp-content\/uploads\/2026\/03\/sant-agostino-tetris-orchid-lucida-5x20-01-300x300.jpg 300w, https:\/\/www.franke-raumwert.de\/aktuelles\/wp-content\/uploads\/2026\/03\/sant-agostino-tetris-orchid-lucida-5x20-01-150x150.jpg 150w, https:\/\/www.franke-raumwert.de\/aktuelles\/wp-content\/uploads\/2026\/03\/sant-agostino-tetris-orchid-lucida-5x20-01-768x768.jpg 768w, https:\/\/www.franke-raumwert.de\/aktuelles\/wp-content\/uploads\/2026\/03\/sant-agostino-tetris-orchid-lucida-5x20-01.jpg 1320w\" sizes=\"(max-width: 1024px) 100vw, 1024px\" \/><\/figure>\n\n\n\n<h2 class=\"wp-block-heading\">Warum vertikale Metrofliesen 2026 besonders gefragt sind<\/h2>\n\n\n\n<p><strong>1. Optische H\u00f6henstreckung<\/strong><br>Die vertikale Verlegung erzeugt eine visuelle Achse nach oben. Besonders in R\u00e4umen mit niedriger Deckenh\u00f6he wirkt dieser Effekt deutlich raumvergr\u00f6\u00dfernd.<\/p>\n\n\n\n<p><strong>2. Moderner Minimalismus mit Struktur<\/strong><br>Im Gegensatz zu Gro\u00dfformatfliesen, die auf fl\u00e4chige Ruhe setzen, bringen Metrofliesen einen feinen Materialrhythmus ins Spiel ohne unruhig zu wirken.<\/p>\n\n\n\n<p><strong>3. Licht- und Schatteneffekte<\/strong><br>Gerade bei glasierten oder leicht gewellten Oberfl\u00e4chen entstehen vertikale Lichtreflexe, die der Wand Dynamik verleihen.<\/p>\n\n\n\n<p><strong>4. Zeitlos und trendbewusst zugleich<\/strong><br>Metrofliesen sind ein echter Designklassiker und stehen seit Jahrzehnten f\u00fcr klare Linien, elegante Oberfl\u00e4chen und eine zeitlose Wandgestaltung. Durch die vertikale Verlegung wird dieses klassische Format modern interpretiert: Die nach oben verlaufenden Linien strecken den Raum optisch und lassen W\u00e4nde h\u00f6her und gro\u00dfz\u00fcgiger wirken. So verbindet die vertikale Ausrichtung zeitlose \u00c4sthetik mit einer modernen, architektonischen Raumwirkung.<\/p>\n\n\n\n<h2 class=\"wp-block-heading\">Premium-Metrofliesen: Unsere Markenempfehlungen<\/h2>\n\n\n\n<h3 class=\"wp-block-heading\">Revoir Paris&nbsp;\u2013 franz\u00f6sische Eleganz mit Charakter<\/h3>\n\n\n\n<figure class=\"wp-block-gallery has-nested-images columns-default is-cropped wp-block-gallery-1 is-layout-flex wp-block-gallery-is-layout-flex\">\n<figure class=\"wp-block-image size-large\"><img alt=\"\" decoding=\"async\" width=\"1024\" height=\"1024\" data-id=\"7884\" src=\"https:\/\/www.franke-raumwert.de\/aktuelles\/wp-content\/uploads\/2026\/03\/299611_Product-1-1024x1024.jpg\" alt=\"\" class=\"wp-image-7884\" srcset=\"https:\/\/www.franke-raumwert.de\/aktuelles\/wp-content\/uploads\/2026\/03\/299611_Product-1-1024x1024.jpg 1024w, https:\/\/www.franke-raumwert.de\/aktuelles\/wp-content\/uploads\/2026\/03\/299611_Product-1-300x300.jpg 300w, https:\/\/www.franke-raumwert.de\/aktuelles\/wp-content\/uploads\/2026\/03\/299611_Product-1-150x150.jpg 150w, https:\/\/www.franke-raumwert.de\/aktuelles\/wp-content\/uploads\/2026\/03\/299611_Product-1-768x768.jpg 768w, https:\/\/www.franke-raumwert.de\/aktuelles\/wp-content\/uploads\/2026\/03\/299611_Product-1.jpg 1320w\" sizes=\"(max-width: 1024px) 100vw, 1024px\" \/><\/figure>\n\n\n\n<figure class=\"wp-block-image size-large\"><img alt=\"\" decoding=\"async\" width=\"1024\" height=\"1024\" data-id=\"7885\" src=\"https:\/\/www.franke-raumwert.de\/aktuelles\/wp-content\/uploads\/2026\/03\/ATELIER_LUXE_COPPER_close-up_2_-_jpg-1-1024x1024.jpg\" alt=\"\" class=\"wp-image-7885\" srcset=\"https:\/\/www.franke-raumwert.de\/aktuelles\/wp-content\/uploads\/2026\/03\/ATELIER_LUXE_COPPER_close-up_2_-_jpg-1-1024x1024.jpg 1024w, https:\/\/www.franke-raumwert.de\/aktuelles\/wp-content\/uploads\/2026\/03\/ATELIER_LUXE_COPPER_close-up_2_-_jpg-1-300x300.jpg 300w, https:\/\/www.franke-raumwert.de\/aktuelles\/wp-content\/uploads\/2026\/03\/ATELIER_LUXE_COPPER_close-up_2_-_jpg-1-150x150.jpg 150w, https:\/\/www.franke-raumwert.de\/aktuelles\/wp-content\/uploads\/2026\/03\/ATELIER_LUXE_COPPER_close-up_2_-_jpg-1-768x768.jpg 768w, https:\/\/www.franke-raumwert.de\/aktuelles\/wp-content\/uploads\/2026\/03\/ATELIER_LUXE_COPPER_close-up_2_-_jpg-1.jpg 1320w\" sizes=\"(max-width: 1024px) 100vw, 1024px\" \/><\/figure>\n\n\n\n<figure class=\"wp-block-image size-large\"><img alt=\"\" loading=\"lazy\" decoding=\"async\" width=\"1024\" height=\"1024\" data-id=\"7886\" src=\"https:\/\/www.franke-raumwert.de\/aktuelles\/wp-content\/uploads\/2026\/03\/ATE25_MARINE_010-1-1024x1024.jpg\" alt=\"\" class=\"wp-image-7886\" srcset=\"https:\/\/www.franke-raumwert.de\/aktuelles\/wp-content\/uploads\/2026\/03\/ATE25_MARINE_010-1-1024x1024.jpg 1024w, https:\/\/www.franke-raumwert.de\/aktuelles\/wp-content\/uploads\/2026\/03\/ATE25_MARINE_010-1-300x300.jpg 300w, https:\/\/www.franke-raumwert.de\/aktuelles\/wp-content\/uploads\/2026\/03\/ATE25_MARINE_010-1-150x150.jpg 150w, https:\/\/www.franke-raumwert.de\/aktuelles\/wp-content\/uploads\/2026\/03\/ATE25_MARINE_010-1-768x768.jpg 768w, https:\/\/www.franke-raumwert.de\/aktuelles\/wp-content\/uploads\/2026\/03\/ATE25_MARINE_010-1.jpg 1320w\" sizes=\"(max-width: 1024px) 100vw, 1024px\" \/><\/figure>\n<\/figure>\n\n\n\n<p>Die Metrofliesen der Serie\u00a0<strong><a href=\"https:\/\/www.franke-raumwert.de\/fliesen\/revoir-paris\/atelier\/\" target=\"_blank\" rel=\"noreferrer noopener\">Atelier von Revoir Paris<\/a><\/strong>\u00a0stehen f\u00fcr einen besonders authentischen, handwerklich inspirierten Look. Charakteristische, leicht unregelm\u00e4\u00dfige Kanten, lebendige Glasuren und tiefe, nuancierte Farbt\u00f6ne verleihen jeder Fl\u00e4che eine nat\u00fcrliche Dynamik. Gerade bei einer vertikalen Verlegung entfalten diese Fliesen ihre volle Wirkung: Die Wand erh\u00e4lt Struktur, Tiefe und einen eleganten Rhythmus, der Badezimmern oder K\u00fcchen eine au\u00dfergew\u00f6hnlich hochwertige Ausstrahlung verleiht. Farben wie klassisches Wei\u00df, sanftes Salbei oder warme Erdnuancen sorgen dabei f\u00fcr eine stilvolle, zeitlose Atmosph\u00e4re.<\/p>\n\n\n\n<p>Ein besonderes Highlight entsteht in Kombination mit den\u00a0<strong>Vintage-Dekoren der Serie Bel Histoire<\/strong>. Diese dekorativen Elemente greifen den charmanten, franz\u00f6sisch inspirierten Stil auf und setzen gezielte Akzente, die R\u00e4umen eine ganz eigene Pers\u00f6nlichkeit verleihen. Ob als Blickfang in der Dusche, als dekoratives Band an der K\u00fcchenr\u00fcckwand oder als stilvolles Detail im G\u00e4ste-WC Die Kombination aus Atelier-Fliesen und Bel-Histoire-Dekoren schafft eine harmonische Verbindung aus handwerklicher \u00c4sthetik und elegantem Vintage-Charme. So entsteht eine Wandgestaltung, die nicht nur modern wirkt, sondern jedem Raum Charakter und eine besondere Atmosph\u00e4re verleiht.<\/p>\n\n\n\n<h3 class=\"wp-block-heading\">Viva Metallica \u2013 Charakterstarke Designfliesen mit faszinierender Metalloptik<\/h3>\n\n\n\n<figure class=\"wp-block-gallery has-nested-images columns-default is-cropped wp-block-gallery-2 is-layout-flex wp-block-gallery-is-layout-flex\">\n<figure class=\"wp-block-image size-large\"><img alt=\"\" loading=\"lazy\" decoding=\"async\" width=\"1024\" height=\"1024\" data-id=\"7889\" src=\"https:\/\/www.franke-raumwert.de\/aktuelles\/wp-content\/uploads\/2026\/03\/viva_metallica_white_franke_raumwert.png\" alt=\"\" class=\"wp-image-7889\" srcset=\"https:\/\/www.franke-raumwert.de\/aktuelles\/wp-content\/uploads\/2026\/03\/viva_metallica_white_franke_raumwert.png 1024w, https:\/\/www.franke-raumwert.de\/aktuelles\/wp-content\/uploads\/2026\/03\/viva_metallica_white_franke_raumwert-300x300.png 300w, https:\/\/www.franke-raumwert.de\/aktuelles\/wp-content\/uploads\/2026\/03\/viva_metallica_white_franke_raumwert-150x150.png 150w, https:\/\/www.franke-raumwert.de\/aktuelles\/wp-content\/uploads\/2026\/03\/viva_metallica_white_franke_raumwert-768x768.png 768w\" sizes=\"(max-width: 1024px) 100vw, 1024px\" \/><\/figure>\n\n\n\n<figure class=\"wp-block-image size-large\"><img alt=\"\" loading=\"lazy\" decoding=\"async\" width=\"1024\" height=\"1024\" data-id=\"7888\" src=\"https:\/\/www.franke-raumwert.de\/aktuelles\/wp-content\/uploads\/2026\/03\/viva_metallica_franke_raumwert.png\" alt=\"\" class=\"wp-image-7888\" srcset=\"https:\/\/www.franke-raumwert.de\/aktuelles\/wp-content\/uploads\/2026\/03\/viva_metallica_franke_raumwert.png 1024w, https:\/\/www.franke-raumwert.de\/aktuelles\/wp-content\/uploads\/2026\/03\/viva_metallica_franke_raumwert-300x300.png 300w, https:\/\/www.franke-raumwert.de\/aktuelles\/wp-content\/uploads\/2026\/03\/viva_metallica_franke_raumwert-150x150.png 150w, https:\/\/www.franke-raumwert.de\/aktuelles\/wp-content\/uploads\/2026\/03\/viva_metallica_franke_raumwert-768x768.png 768w\" sizes=\"(max-width: 1024px) 100vw, 1024px\" \/><\/figure>\n<\/figure>\n\n\n\n<p>Mit der Serie\u00a0<strong><a href=\"https:\/\/www.franke-raumwert.de\/viva-metallica-brick-lux-wandfliese-green-6x24-cm.html\" target=\"_blank\" rel=\"noreferrer noopener\">Metallica von\u00a0Viva Ceramica<\/a><\/strong>\u00a0entstehen Wandfl\u00e4chen, die sofort Aufmerksamkeit erzeugen. Die l\u00e4nglichen Fliesen kombinieren eine moderne Metalloptik mit einer lebendigen, leicht schimmernden Oberfl\u00e4che, die je nach Lichteinfall unterschiedliche Tiefen und Nuancen zeigt. Gerade durch diese changierende Struktur wirken die Fliesen besonders hochwertig und verleihen R\u00e4umen eine elegante, fast industrielle Designwirkung.<\/p>\n\n\n\n<p>Besonders spannend wird die Serie bei einer\u00a0<strong>vertikalen Verlegung der l\u00e4nglichen Fliesen<\/strong>. Die nach oben verlaufenden Linien strecken die Wand optisch und sorgen f\u00fcr eine moderne, architektonische Raumwirkung. Gleichzeitig entsteht durch die gl\u00e4nzende Oberfl\u00e4che ein intensives Spiel aus Licht und Reflexionen, das der Fl\u00e4che eine au\u00dfergew\u00f6hnliche Dynamik verleiht. Ob als Akzentwand im Wohnzimmer, als stilvolle Wandgestaltung im Badezimmer oder als moderne K\u00fcchenr\u00fcckwand. Metallica schafft eine Atmosph\u00e4re, die Design und Material\u00e4sthetik perfekt verbindet.<\/p>\n\n\n\n<p>Die tiefen Blau- und Metallnuancen der Serie erinnern an oxidierte Metalloberfl\u00e4chen und bringen eine besondere Tiefe in den Raum. Dadurch wirken selbst gro\u00dfe Wandfl\u00e4chen niemals monoton, sondern lebendig und hochwertig gestaltet.<\/p>\n\n\n\n<p>Gerade in Kombination mit ruhigen Bodenbel\u00e4gen oder minimalistischen M\u00f6beln entfaltet\u00a0<strong>Metallica von Viva Ceramica<\/strong> seine volle Wirkung und wird zum architektonischen Highlight im Raum.<\/p>\n\n\n\n<h3 class=\"wp-block-heading\">Farben, Rhythmus und Gestaltungsspielraum \u2013 die Serie Tetris von\u00a0Ceramica Sant&#8217;Agostino<\/h3>\n\n\n\n<figure class=\"wp-block-gallery has-nested-images columns-default is-cropped wp-block-gallery-3 is-layout-flex wp-block-gallery-is-layout-flex\">\n<figure class=\"wp-block-image size-large\"><img alt=\"\" loading=\"lazy\" decoding=\"async\" width=\"1024\" height=\"1024\" data-id=\"7877\" src=\"https:\/\/www.franke-raumwert.de\/aktuelles\/wp-content\/uploads\/2026\/03\/sant-agostino-tetris-blu-matt-insideart-color-sand-soft-60x120-bathroom-01-1024x1024.jpg\" alt=\"\" class=\"wp-image-7877\" srcset=\"https:\/\/www.franke-raumwert.de\/aktuelles\/wp-content\/uploads\/2026\/03\/sant-agostino-tetris-blu-matt-insideart-color-sand-soft-60x120-bathroom-01-1024x1024.jpg 1024w, https:\/\/www.franke-raumwert.de\/aktuelles\/wp-content\/uploads\/2026\/03\/sant-agostino-tetris-blu-matt-insideart-color-sand-soft-60x120-bathroom-01-300x300.jpg 300w, https:\/\/www.franke-raumwert.de\/aktuelles\/wp-content\/uploads\/2026\/03\/sant-agostino-tetris-blu-matt-insideart-color-sand-soft-60x120-bathroom-01-150x150.jpg 150w, https:\/\/www.franke-raumwert.de\/aktuelles\/wp-content\/uploads\/2026\/03\/sant-agostino-tetris-blu-matt-insideart-color-sand-soft-60x120-bathroom-01-768x768.jpg 768w, https:\/\/www.franke-raumwert.de\/aktuelles\/wp-content\/uploads\/2026\/03\/sant-agostino-tetris-blu-matt-insideart-color-sand-soft-60x120-bathroom-01.jpg 1320w\" sizes=\"(max-width: 1024px) 100vw, 1024px\" \/><\/figure>\n\n\n\n<figure class=\"wp-block-image size-large\"><img alt=\"\" loading=\"lazy\" decoding=\"async\" width=\"1024\" height=\"1024\" data-id=\"7876\" src=\"https:\/\/www.franke-raumwert.de\/aktuelles\/wp-content\/uploads\/2026\/03\/sant-agostino-tetris-breeze-lucida-5x20-veniston-emerald-krystal-120x120-01-1024x1024.jpg\" alt=\"\" class=\"wp-image-7876\" srcset=\"https:\/\/www.franke-raumwert.de\/aktuelles\/wp-content\/uploads\/2026\/03\/sant-agostino-tetris-breeze-lucida-5x20-veniston-emerald-krystal-120x120-01-1024x1024.jpg 1024w, https:\/\/www.franke-raumwert.de\/aktuelles\/wp-content\/uploads\/2026\/03\/sant-agostino-tetris-breeze-lucida-5x20-veniston-emerald-krystal-120x120-01-300x300.jpg 300w, https:\/\/www.franke-raumwert.de\/aktuelles\/wp-content\/uploads\/2026\/03\/sant-agostino-tetris-breeze-lucida-5x20-veniston-emerald-krystal-120x120-01-150x150.jpg 150w, https:\/\/www.franke-raumwert.de\/aktuelles\/wp-content\/uploads\/2026\/03\/sant-agostino-tetris-breeze-lucida-5x20-veniston-emerald-krystal-120x120-01-768x768.jpg 768w, https:\/\/www.franke-raumwert.de\/aktuelles\/wp-content\/uploads\/2026\/03\/sant-agostino-tetris-breeze-lucida-5x20-veniston-emerald-krystal-120x120-01.jpg 1320w\" sizes=\"(max-width: 1024px) 100vw, 1024px\" \/><\/figure>\n\n\n\n<figure class=\"wp-block-image size-large\"><img alt=\"\" loading=\"lazy\" decoding=\"async\" width=\"1024\" height=\"1024\" data-id=\"7872\" src=\"https:\/\/www.franke-raumwert.de\/aktuelles\/wp-content\/uploads\/2026\/03\/sant-agostino-tetris-coral-lucida-5x20-forest-logico-pearl-120x120-kitchen-01-1024x1024.jpg\" alt=\"\" class=\"wp-image-7872\" srcset=\"https:\/\/www.franke-raumwert.de\/aktuelles\/wp-content\/uploads\/2026\/03\/sant-agostino-tetris-coral-lucida-5x20-forest-logico-pearl-120x120-kitchen-01-1024x1024.jpg 1024w, https:\/\/www.franke-raumwert.de\/aktuelles\/wp-content\/uploads\/2026\/03\/sant-agostino-tetris-coral-lucida-5x20-forest-logico-pearl-120x120-kitchen-01-300x300.jpg 300w, https:\/\/www.franke-raumwert.de\/aktuelles\/wp-content\/uploads\/2026\/03\/sant-agostino-tetris-coral-lucida-5x20-forest-logico-pearl-120x120-kitchen-01-150x150.jpg 150w, https:\/\/www.franke-raumwert.de\/aktuelles\/wp-content\/uploads\/2026\/03\/sant-agostino-tetris-coral-lucida-5x20-forest-logico-pearl-120x120-kitchen-01-768x768.jpg 768w, https:\/\/www.franke-raumwert.de\/aktuelles\/wp-content\/uploads\/2026\/03\/sant-agostino-tetris-coral-lucida-5x20-forest-logico-pearl-120x120-kitchen-01.jpg 1320w\" sizes=\"(max-width: 1024px) 100vw, 1024px\" \/><\/figure>\n<\/figure>\n\n\n\n<p>Die Fliesenserie\u00a0<a href=\"https:\/\/www.franke-raumwert.de\/fliesen\/sant-agostino\/tetris\/\" target=\"_blank\" rel=\"noreferrer noopener\"><strong>Tetris von\u00a0Ceramica Sant&#8217;Agostino<\/strong>\u00a0<\/a>steht f\u00fcr kreative Wandgestaltung mit einem au\u00dfergew\u00f6hnlich gro\u00dfen Farbspektrum. Die l\u00e4nglichen Formate greifen den beliebten Metrofliesen-Charakter auf, interpretieren ihn jedoch moderner und designorientierter. Durch intensive Farben, lebendige Glasuren und feine Oberfl\u00e4chenstrukturen entstehen Wandfl\u00e4chen, die R\u00e4ume sofort aufwerten und ihnen eine ganz eigene Pers\u00f6nlichkeit verleihen.<\/p>\n\n\n\n<p>Durch das l\u00e4ngliche Format der Tetris-Fliesen er\u00f6ffnen sich besonders interessante Gestaltungsm\u00f6glichkeiten an der Wand. Wird das Format hochkant eingesetzt, entsteht eine klare Linienf\u00fchrung, die dem Raum Struktur und Tiefe verleiht. Die einzelnen Fliesen wirken dabei wie vertikale Elemente, die der Fl\u00e4che eine ruhige, moderne Rhythmik geben und die Wand optisch st\u00e4rker in Szene setzen.<\/p>\n\n\n\n<p>Die unterschiedlichen Farbt\u00f6ne und Glasuren der Serie verst\u00e4rken diesen Effekt zus\u00e4tzlich. Je nach Lichteinfall entstehen feine Nuancen und Reflexionen, die der Oberfl\u00e4che Lebendigkeit verleihen und jede Wand individuell wirken lassen. Gerade in Bereichen wie dem Badezimmer, in einer Dusche oder an der K\u00fcchenr\u00fcckwand entstehen so hochwertige Wandfl\u00e4chen, die Design, Farbe und Materialwirkung auf elegante Weise miteinander verbinden.<\/p>\n\n\n\n<p>Ein gro\u00dfer Vorteil der Serie liegt in ihrer&nbsp;<strong>vielf\u00e4ltigen Farbpalette<\/strong>. Von sanften Naturt\u00f6nen \u00fcber moderne Grau- und Blaunuancen bis hin zu kr\u00e4ftigen Akzentfarben bietet Tetris zahlreiche M\u00f6glichkeiten f\u00fcr individuelle Raumkonzepte. Dadurch lassen sich sowohl ruhige, harmonische Wandbilder als auch mutige Farbkompositionen realisieren.<\/p>\n\n\n\n<p>Ob als dezente Wandgestaltung im Badezimmer, als farbige Akzentwand im Wohnbereich oder als stilvolle K\u00fcchenr\u00fcckwand \u2013&nbsp;<strong>Tetris von Sant\u2019Agostino<\/strong>&nbsp;verbindet modernes Design, hochwertige Keramik und maximale Gestaltungsfreiheit. Die Kombination aus l\u00e4nglichem Format, farblicher Vielfalt und unterschiedlichen Verlegem\u00f6glichkeiten macht diese Serie zu einer idealen Wahl f\u00fcr alle, die R\u00e4ume mit Charakter und Designanspruch gestalten m\u00f6chten.<\/p>\n\n\n\n<h3 class=\"wp-block-heading\">Terracotta neu interpretiert \u2013 Cotto Milano Fliesen von\u00a0Ceramiche Keope<\/h3>\n\n\n\n<figure class=\"wp-block-gallery has-nested-images columns-default is-cropped wp-block-gallery-4 is-layout-flex wp-block-gallery-is-layout-flex\">\n<figure class=\"wp-block-image size-large\"><img alt=\"\" loading=\"lazy\" decoding=\"async\" width=\"724\" height=\"1024\" data-id=\"7895\" src=\"https:\/\/www.franke-raumwert.de\/aktuelles\/wp-content\/uploads\/2026\/03\/Keope_cottomilano_mattone_6x24_det1-724x1024.jpg\" alt=\"\" class=\"wp-image-7895\" srcset=\"https:\/\/www.franke-raumwert.de\/aktuelles\/wp-content\/uploads\/2026\/03\/Keope_cottomilano_mattone_6x24_det1-724x1024.jpg 724w, https:\/\/www.franke-raumwert.de\/aktuelles\/wp-content\/uploads\/2026\/03\/Keope_cottomilano_mattone_6x24_det1-212x300.jpg 212w, https:\/\/www.franke-raumwert.de\/aktuelles\/wp-content\/uploads\/2026\/03\/Keope_cottomilano_mattone_6x24_det1-768x1086.jpg 768w, https:\/\/www.franke-raumwert.de\/aktuelles\/wp-content\/uploads\/2026\/03\/Keope_cottomilano_mattone_6x24_det1.jpg 849w\" sizes=\"(max-width: 724px) 100vw, 724px\" \/><\/figure>\n\n\n\n<figure class=\"wp-block-image size-large\"><img alt=\"\" loading=\"lazy\" decoding=\"async\" width=\"724\" height=\"1024\" data-id=\"7896\" src=\"https:\/\/www.franke-raumwert.de\/aktuelles\/wp-content\/uploads\/2026\/03\/Keope_cottomilano_talco_det1-724x1024.jpg\" alt=\"\" class=\"wp-image-7896\" srcset=\"https:\/\/www.franke-raumwert.de\/aktuelles\/wp-content\/uploads\/2026\/03\/Keope_cottomilano_talco_det1-724x1024.jpg 724w, https:\/\/www.franke-raumwert.de\/aktuelles\/wp-content\/uploads\/2026\/03\/Keope_cottomilano_talco_det1-212x300.jpg 212w, https:\/\/www.franke-raumwert.de\/aktuelles\/wp-content\/uploads\/2026\/03\/Keope_cottomilano_talco_det1-768x1087.jpg 768w, https:\/\/www.franke-raumwert.de\/aktuelles\/wp-content\/uploads\/2026\/03\/Keope_cottomilano_talco_det1.jpg 848w\" sizes=\"(max-width: 724px) 100vw, 724px\" \/><\/figure>\n\n\n\n<figure class=\"wp-block-image size-large\"><img alt=\"\" loading=\"lazy\" decoding=\"async\" width=\"724\" height=\"1024\" data-id=\"7894\" src=\"https:\/\/www.franke-raumwert.de\/aktuelles\/wp-content\/uploads\/2026\/03\/Keope_cottomilano_mattone_6x24_det-724x1024.jpg\" alt=\"\" class=\"wp-image-7894\" srcset=\"https:\/\/www.franke-raumwert.de\/aktuelles\/wp-content\/uploads\/2026\/03\/Keope_cottomilano_mattone_6x24_det-724x1024.jpg 724w, https:\/\/www.franke-raumwert.de\/aktuelles\/wp-content\/uploads\/2026\/03\/Keope_cottomilano_mattone_6x24_det-212x300.jpg 212w, https:\/\/www.franke-raumwert.de\/aktuelles\/wp-content\/uploads\/2026\/03\/Keope_cottomilano_mattone_6x24_det-768x1087.jpg 768w, https:\/\/www.franke-raumwert.de\/aktuelles\/wp-content\/uploads\/2026\/03\/Keope_cottomilano_mattone_6x24_det.jpg 848w\" sizes=\"(max-width: 724px) 100vw, 724px\" \/><\/figure>\n<\/figure>\n\n\n\n<p>Warme Terracotta-T\u00f6ne erleben aktuell ein starkes Comeback im Interior Design. Sie bringen Nat\u00fcrlichkeit, W\u00e4rme und mediterranen Charakter in moderne R\u00e4ume und bilden gleichzeitig einen spannenden Kontrast zu minimalistischen M\u00f6beln, Betonoptiken oder hellen Natursteinen. Genau diesen Trend greift die Serie\u00a0<strong>Cotto <\/strong><a href=\"https:\/\/www.franke-raumwert.de\/keope-cottomilano-mattone-boden-und-wandfliese-6x24-cm.html\" target=\"_blank\" rel=\"noreferrer noopener\"><strong>Milano von Ceramiche Keope<\/strong>\u00a0<\/a>auf und interpretiert die klassische Terracotta-\u00c4sthetik in einer modernen, hochwertigen Feinsteinzeugkollektion.<\/p>\n\n\n\n<p>Besonders die Farben\u00a0<strong>Mattone<\/strong>\u00a0und\u00a0<strong>Falco <\/strong>zeigen, wie vielseitig Terracotta heute eingesetzt werden kann. Der Farbton Mattone erinnert an traditionell gebrannte Tonziegel und vermittelt eine warme, authentische Ausstrahlung, die sowohl in Wohnr\u00e4umen als auch in Badezimmern oder K\u00fcchen eine angenehme Atmosph\u00e4re schafft. Falco hingegen bringt durch seine gl\u00e4nzende Oberfl\u00e4che zus\u00e4tzliche Tiefe ins Spiel und sorgt f\u00fcr ein lebendiges Zusammenspiel aus Licht, Farbe und Oberfl\u00e4che.<\/p>\n\n\n\n<p>Durch das l\u00e4ngliche Format der Fliesen lassen sich zudem unterschiedliche Verlegemuster realisieren \u2013 von klassischer Metro-Verlegung bis hin zu modernen, vertikal ausgerichteten Wandgestaltungen. Gerade bei einer vertikalen Verlegung entfalten die Terracotta-Fliesen eine besonders elegante Wirkung und verleihen der Wand eine moderne, architektonische Struktur.<\/p>\n\n\n\n<p>Die Serie&nbsp;<strong>Cotto Milano von Keope<\/strong>&nbsp;verbindet damit zwei Welten: die warme, traditionelle Ausstrahlung von Terracotta und die technischen Vorteile von hochwertigem Feinsteinzeug. Die Fliesen sind robust, pflegeleicht und langlebig und eignen sich daher ideal f\u00fcr moderne Wohnkonzepte, die nat\u00fcrliche Materialien mit zeitgem\u00e4\u00dfem Design kombinieren m\u00f6chten.<\/p>\n\n\n\n<p>Wer R\u00e4ume mit Charakter gestalten m\u00f6chte, findet in den Terracotta-Fliesen der Serie Cotto Milano eine perfekte Balance aus&nbsp;<strong>Trend, Tradition und moderner Architektur<\/strong>.<\/p>\n\n\n\n<h2 class=\"wp-block-heading\">Wo sich vertikal verlegte Metrofliesen besonders wirkungsvoll einsetzen lassen<\/h2>\n\n\n\n<p>Vertikal verlegte&nbsp;<strong>Metrofliesen<\/strong>&nbsp;er\u00f6ffnen zahlreiche Gestaltungsm\u00f6glichkeiten in modernen Wohnr\u00e4umen. Besonders h\u00e4ufig werden sie im&nbsp;<strong>Badezimmer<\/strong>, in der&nbsp;<strong>Dusche<\/strong>, an der&nbsp;<strong>K\u00fcchenr\u00fcckwand<\/strong>&nbsp;oder in&nbsp;<strong>G\u00e4ste-WCs<\/strong>&nbsp;eingesetzt. Durch die aufrechte Linienf\u00fchrung entsteht eine klare, architektonische Struktur, die W\u00e4nde optisch streckt und R\u00e4ume h\u00f6her wirken l\u00e4sst. Gerade in kleineren B\u00e4dern oder schmalen Nischen kann diese Verlegeart den Raum deutlich gro\u00dfz\u00fcgiger erscheinen lassen und sorgt gleichzeitig f\u00fcr eine elegante, moderne Wandgestaltung.<\/p>\n\n\n\n<p>Auch in der K\u00fcche gewinnt die\u00a0<strong>vertikale Verlegung von Metrofliesen<\/strong>\u00a0zunehmend an Bedeutung. Als stilvolle <strong>Fliesenl\u00f6sung f\u00fcr die K\u00fcchenr\u00fcckwand<\/strong>\u00a0bildet sie eine harmonische Verbindung zwischen Arbeitsplatte, M\u00f6beln und Oberschr\u00e4nken. Gleichzeitig entsteht ein ruhiges, hochwertiges Wandbild, das je nach Fliesenfarbe und Fugenwahl ganz unterschiedliche Stilrichtungen unterst\u00fctzen kann, von skandinavisch hell \u00fcber mediterran warm bis hin zu modernen, dunklen Designkonzepten.<\/p>\n\n\n\n<p>Besonders spannend wird die Gestaltung durch die Kombination verschiedener&nbsp;<strong>Fliesenoberfl\u00e4chen und Farben<\/strong>. Warme Terracotta- oder Cotto-T\u00f6ne bringen Nat\u00fcrlichkeit und Charakter in den Raum, gl\u00e4nzende Wei\u00dft\u00f6ne sorgen f\u00fcr eine klare, moderne Atmosph\u00e4re und dunkle Farbt\u00f6ne setzen elegante Designakzente. Unterst\u00fctzt durch gezielte Beleuchtung, etwa indirekte LED-Lichtlinien, entstehen zus\u00e4tzlich spannende Licht- und Schatteneffekte, die die vertikale Linienf\u00fchrung der Fliesen noch st\u00e4rker hervorheben.<\/p>\n\n\n\n<h2 class=\"wp-block-heading\">Fazit: Metrofliesen vertikal verlegt \u2013 ein Trend mit Zukunft<\/h2>\n\n\n\n<p>Manchmal reicht eine einfache Ver\u00e4nderung in der Verlegung, um einem bekannten Material eine v\u00f6llig neue Wirkung zu geben. Genau das zeigt die vertikale Verlegung von Metrofliesen. Das klassische Format bleibt erhalten, wirkt jedoch moderner, klarer und deutlich architektonischer. Die Linienf\u00fchrung nach oben verleiht W\u00e4nden Struktur, l\u00e4sst R\u00e4ume h\u00f6her erscheinen und sorgt f\u00fcr eine elegante, ruhige Gestaltung.<\/p>\n\n\n\n<p>Gerade in Badezimmern, Duschen oder an der K\u00fcchenr\u00fcckwand entsteht so eine Wandgestaltung, die sofort ins Auge f\u00e4llt, ohne aufdringlich zu wirken. Hochwertige Keramikfliesen bieten dabei nicht nur eine starke optische Wirkung, sondern \u00fcberzeugen auch durch ihre Langlebigkeit, Pflegeleichtigkeit und Widerstandsf\u00e4higkeit im Alltag.<\/p>\n\n\n\n<figure class=\"wp-block-image size-large\"><img loading=\"lazy\" decoding=\"async\" width=\"1024\" height=\"777\" src=\"https:\/\/www.franke-raumwert.de\/aktuelles\/wp-content\/uploads\/2026\/03\/Sant-Agostino-Metrofliesen-vertikal-verlegt-1024x777.png\" alt=\"Das Bild zeigt einen Waschtischbereicht mit vertikal verlegten Metrofliesen bis 1,20 m hoch, dadr\u00fcber ist ein Blumentapete hinter den Spiegeln\" class=\"wp-image-7897\" srcset=\"https:\/\/www.franke-raumwert.de\/aktuelles\/wp-content\/uploads\/2026\/03\/Sant-Agostino-Metrofliesen-vertikal-verlegt-1024x777.png 1024w, https:\/\/www.franke-raumwert.de\/aktuelles\/wp-content\/uploads\/2026\/03\/Sant-Agostino-Metrofliesen-vertikal-verlegt-300x228.png 300w, https:\/\/www.franke-raumwert.de\/aktuelles\/wp-content\/uploads\/2026\/03\/Sant-Agostino-Metrofliesen-vertikal-verlegt-768x583.png 768w, https:\/\/www.franke-raumwert.de\/aktuelles\/wp-content\/uploads\/2026\/03\/Sant-Agostino-Metrofliesen-vertikal-verlegt-1536x1165.png 1536w, https:\/\/www.franke-raumwert.de\/aktuelles\/wp-content\/uploads\/2026\/03\/Sant-Agostino-Metrofliesen-vertikal-verlegt.png 1690w\" sizes=\"(max-width: 1024px) 100vw, 1024px\" \/><figcaption class=\"wp-element-caption\">Sant Agostino Metrofliesen &#8211; vertikale Verlegung im Waschraum<\/figcaption><\/figure>\n\n\n\n<p>Wer also auf der Suche nach einer Fliesenl\u00f6sung ist, die&nbsp;<strong>klassisches Design mit moderner Raumwirkung verbindet<\/strong>, trifft mit vertikal verlegten Metrofliesen eine stilvolle und langfristige Entscheidung. Sie geben R\u00e4umen Charakter, Tiefe und eine Gestaltung, die auch in vielen Jahren noch \u00fcberzeugt.<\/p>\n\n\n\n<p>Gerne beraten wir Sie pers\u00f6nlich bei der Auswahl der passenden Metrofliesen, Farben und Verlegemuster f\u00fcr Ihr Projekt. Besuchen Sie unsere Ausstellung oder entdecken Sie die verschiedenen Serien bequem in unserem Onlineshop, gemeinsam finden wir die Fliese, die perfekt zu Ihrem Raumkonzept passt.<\/p>\n\n\n\n<h2 class=\"wp-block-heading\">H\u00e4ufige Fragen zu vertikal verlegten Metrofliesen<\/h2>\n\n\n\n<div class=\"wp-block-wpseopress-faq-block-v2 is-layout-flow wp-block-wpseopress-faq-block-v2-is-layout-flow\">\n<details id=\"sind-metrofliesen-vertikal-verlegt-noch-modern\" class=\"wp-block-details is-layout-flow wp-block-details-is-layout-flow\"><summary>Sind Metrofliesen vertikal verlegt noch modern?<\/summary>\n<p>Ja. Die vertikale Verlegung von Metrofliesen gilt aktuell als moderne Interpretation des klassischen Formats. W\u00e4hrend die horizontale Verlegung lange Standard war, setzen Architekten und Interior Designer heute verst\u00e4rkt auf vertikale Linien, um R\u00e4ume h\u00f6her und strukturierter wirken zu lassen.<\/p>\n<\/details>\n\n\n\n<details id=\"wirken-raume-durch-vertikal-verlegte-fliesen-wirklich-hoher\" class=\"wp-block-details is-layout-flow wp-block-details-is-layout-flow\"><summary>Wirken R\u00e4ume durch vertikal verlegte Fliesen wirklich h\u00f6her?<\/summary>\n<p>Ja, die Ausrichtung der Fugenlinien beeinflusst die Raumwahrnehmung stark. Vertikal verlegte Fliesen f\u00fchren den Blick nach oben und lassen W\u00e4nde optisch h\u00f6her erscheinen. Besonders in kleinen Badezimmern, Duschnischen oder G\u00e4ste-WCs kann dieser Effekt den Raum deutlich gro\u00dfz\u00fcgiger wirken lassen.<\/p>\n<\/details>\n\n\n\n<details id=\"welche-fugenfarbe-passt-zu-metrofliesen\" class=\"wp-block-details is-layout-flow wp-block-details-is-layout-flow\"><summary>Welche Fugenfarbe passt zu Metrofliesen?<\/summary>\n<p>Die Fugenfarbe beeinflusst die Wirkung der Fliesen stark.<\/p>\n\n\n\n<ul class=\"wp-block-list\">\n<li>Ton-in-Ton-Fugen\u00a0sorgen f\u00fcr ein ruhiges, elegantes Gesamtbild.<\/li>\n\n\n\n<li>Kontrastreiche Fugen\u00a0betonen das Format der Metrofliesen und erzeugen einen grafischen Look.<\/li>\n<\/ul>\n\n\n\n<p>Gerade bei vertikaler Verlegung k\u00f6nnen dunklere Fugen die Linienf\u00fchrung zus\u00e4tzlich hervorheben.<\/p>\n<\/details>\n\n\n\n<details id=\"welche-formate-eignen-sich-fur-metrofliesen\" class=\"wp-block-details is-layout-flow wp-block-details-is-layout-flow\"><summary>Welche Formate eignen sich f\u00fcr Metrofliesen?<\/summary>\n<p>Typische Metrofliesenformate sind beispielsweise:<\/p>\n\n\n\n<ul class=\"wp-block-list\">\n<li>7,5 \u00d7 15 cm<\/li>\n\n\n\n<li>6 \u00d7 25 cm<\/li>\n\n\n\n<li>10 \u00d7 30 cm<\/li>\n<\/ul>\n\n\n\n<p>Auch l\u00e4ngere Formate werden heute immer h\u00e4ufiger verwendet, da sie moderne Verlegemuster wie vertikale Linien oder Fischgr\u00e4t besonders gut zur Geltung bringen.<\/p>\n<\/details>\n\n\n\n<details id=\"kann-man-metrofliesen-auch-in-der-dusche-verwenden\" class=\"wp-block-details is-layout-flow wp-block-details-is-layout-flow\"><summary>Kann man Metrofliesen auch in der Dusche verwenden?<\/summary>\n<p>Ja. Hochwertige Metrofliesen aus Keramik oder Feinsteinzeug eignen sich sehr gut f\u00fcr Duschen und Badezimmer. Wichtig sind eine fachgerechte Abdichtung sowie rutschhemmende Bodenfliesen im Duschbereich.<\/p>\n<\/details>\n\n\n\n<details id=\"welche-raume-eignen-sich-besonders-fur-vertikale-metrofliesen\" class=\"wp-block-details is-layout-flow wp-block-details-is-layout-flow\"><summary>Welche R\u00e4ume eignen sich besonders f\u00fcr vertikale Metrofliesen?<\/summary>\n<p>Vertikal verlegte Metrofliesen werden besonders h\u00e4ufig eingesetzt in:<\/p>\n\n\n\n<ul class=\"wp-block-list\">\n<li>Badezimmern und Duschen<\/li>\n\n\n\n<li>G\u00e4ste-WCs<\/li>\n\n\n\n<li>K\u00fcchenr\u00fcckw\u00e4nden<\/li>\n\n\n\n<li>Nischen oder Akzentw\u00e4nden<\/li>\n<\/ul>\n\n\n\n<p>Gerade dort, wo W\u00e4nde optisch h\u00f6her wirken sollen, ist diese Verlegeart besonders effektiv.<\/p>\n<\/details>\n\n\n\n<details id=\"welche-fliesenfarben-liegen-aktuell-im-trend\" class=\"wp-block-details is-layout-flow wp-block-details-is-layout-flow\"><summary>Welche Fliesenfarben liegen aktuell im Trend?<\/summary>\n<p>Derzeit sind vor allem folgende Farbt\u00f6ne gefragt:<\/p>\n\n\n\n<ul class=\"wp-block-list\">\n<li>warme\u00a0Terracotta- und Cottofarben<\/li>\n\n\n\n<li>klassische\u00a0wei\u00df gl\u00e4nzende Metrofliesen<\/li>\n\n\n\n<li>Salbei- und Gr\u00fcnt\u00f6<strong>ne<\/strong><\/li>\n\n\n\n<li>tiefe Blau- und Petrolf<strong>arben<\/strong><\/li>\n<\/ul>\n\n\n\n<p>Diese Farben lassen sich sowohl modern als auch zeitlos kombinieren.<\/p>\n<\/details>\n\n\n\n<details id=\"kann-man-metrofliesen-auch-mit-anderen-fliesen-kombinieren\" class=\"wp-block-details is-layout-flow wp-block-details-is-layout-flow\"><summary>Kann man Metrofliesen auch mit anderen Fliesen kombinieren?<\/summary>\n<p>Ja, Metrofliesen lassen sich hervorragend mit gr\u00f6\u00dferen Bodenfliesen kombinieren, etwa mit Betonoptik, Natursteinoptik oder Terrazzo. Dadurch entsteht ein spannender Materialmix, der R\u00e4ume lebendig und hochwertig wirken l\u00e4sst.<\/p>\n<\/details>\n<script type=\"application\/ld+json\">{\"@context\":\"https:\/\/schema.org\",\"@type\":\"FAQPage\",\"url\":\"https:\/\/www.franke-raumwert.de\/aktuelles\/metrofliesen-vertikal-verlegen-der-moderne-trend-fuer-bad-dusche-und-kueche-2026\/2026\/03\",\"@id\":\"https:\/\/www.franke-raumwert.de\/aktuelles\/metrofliesen-vertikal-verlegen-der-moderne-trend-fuer-bad-dusche-und-kueche-2026\/2026\/03\",\"mainEntity\":[{\"@type\":\"Question\",\"url\":\"https:\/\/www.franke-raumwert.de\/aktuelles\/metrofliesen-vertikal-verlegen-der-moderne-trend-fuer-bad-dusche-und-kueche-2026\/2026\/03#sind-metrofliesen-vertikal-verlegt-noch-modern\",\"name\":\"Sind Metrofliesen vertikal verlegt noch modern?\",\"answerCount\":1,\"acceptedAnswer\":{\"@type\":\"Answer\",\"text\":\"&lt;p>Ja. Die vertikale Verlegung von Metrofliesen gilt aktuell als moderne Interpretation des klassischen Formats. W\u00e4hrend die horizontale Verlegung lange Standard war, setzen Architekten und Interior Designer heute verst\u00e4rkt auf vertikale Linien, um R\u00e4ume h\u00f6her und strukturierter wirken zu lassen.&lt;\/p>\"}},{\"@type\":\"Question\",\"url\":\"https:\/\/www.franke-raumwert.de\/aktuelles\/metrofliesen-vertikal-verlegen-der-moderne-trend-fuer-bad-dusche-und-kueche-2026\/2026\/03#wirken-raume-durch-vertikal-verlegte-fliesen-wirklich-hoher\",\"name\":\"Wirken R\u00e4ume durch vertikal verlegte Fliesen wirklich h\u00f6her?\",\"answerCount\":1,\"acceptedAnswer\":{\"@type\":\"Answer\",\"text\":\"&lt;p>Ja, die Ausrichtung der Fugenlinien beeinflusst die Raumwahrnehmung stark. Vertikal verlegte Fliesen f\u00fchren den Blick nach oben und lassen W\u00e4nde optisch h\u00f6her erscheinen. Besonders in kleinen Badezimmern, Duschnischen oder G\u00e4ste-WCs kann dieser Effekt den Raum deutlich gro\u00dfz\u00fcgiger wirken lassen.&lt;\/p>\"}},{\"@type\":\"Question\",\"url\":\"https:\/\/www.franke-raumwert.de\/aktuelles\/metrofliesen-vertikal-verlegen-der-moderne-trend-fuer-bad-dusche-und-kueche-2026\/2026\/03#welche-fugenfarbe-passt-zu-metrofliesen\",\"name\":\"Welche Fugenfarbe passt zu Metrofliesen?\",\"answerCount\":1,\"acceptedAnswer\":{\"@type\":\"Answer\",\"text\":\"&lt;p>Die Fugenfarbe beeinflusst die Wirkung der Fliesen stark.&lt;\/p>&lt;ul class=\\\"wp-block-list\\\">&lt;!-- wp:list-item -->\\n&lt;li>Ton-in-Ton-Fugen\u00a0sorgen f\u00fcr ein ruhiges, elegantes Gesamtbild.&lt;\/li>\\n&lt;!-- \/wp:list-item -->\\n\\n&lt;!-- wp:list-item -->\\n&lt;li>Kontrastreiche Fugen\u00a0betonen das Format der Metrofliesen und erzeugen einen grafischen Look.&lt;\/li>\\n&lt;!-- \/wp:list-item -->&lt;\/ul>&lt;p>Gerade bei vertikaler Verlegung k\u00f6nnen dunklere Fugen die Linienf\u00fchrung zus\u00e4tzlich hervorheben.&lt;\/p>\"}},{\"@type\":\"Question\",\"url\":\"https:\/\/www.franke-raumwert.de\/aktuelles\/metrofliesen-vertikal-verlegen-der-moderne-trend-fuer-bad-dusche-und-kueche-2026\/2026\/03#welche-formate-eignen-sich-fur-metrofliesen\",\"name\":\"Welche Formate eignen sich f\u00fcr Metrofliesen?\",\"answerCount\":1,\"acceptedAnswer\":{\"@type\":\"Answer\",\"text\":\"&lt;p>Typische Metrofliesenformate sind beispielsweise:&lt;\/p>&lt;ul class=\\\"wp-block-list\\\">&lt;!-- wp:list-item -->\\n&lt;li>7,5 \u00d7 15 cm&lt;\/li>\\n&lt;!-- \/wp:list-item -->\\n\\n&lt;!-- wp:list-item -->\\n&lt;li>6 \u00d7 25 cm&lt;\/li>\\n&lt;!-- \/wp:list-item -->\\n\\n&lt;!-- wp:list-item -->\\n&lt;li>10 \u00d7 30 cm&lt;\/li>\\n&lt;!-- \/wp:list-item -->&lt;\/ul>&lt;p>Auch l\u00e4ngere Formate werden heute immer h\u00e4ufiger verwendet, da sie moderne Verlegemuster wie vertikale Linien oder Fischgr\u00e4t besonders gut zur Geltung bringen.&lt;\/p>\"}},{\"@type\":\"Question\",\"url\":\"https:\/\/www.franke-raumwert.de\/aktuelles\/metrofliesen-vertikal-verlegen-der-moderne-trend-fuer-bad-dusche-und-kueche-2026\/2026\/03#kann-man-metrofliesen-auch-in-der-dusche-verwenden\",\"name\":\"Kann man Metrofliesen auch in der Dusche verwenden?\",\"answerCount\":1,\"acceptedAnswer\":{\"@type\":\"Answer\",\"text\":\"&lt;p>Ja. Hochwertige Metrofliesen aus Keramik oder Feinsteinzeug eignen sich sehr gut f\u00fcr Duschen und Badezimmer. Wichtig sind eine fachgerechte Abdichtung sowie rutschhemmende Bodenfliesen im Duschbereich.&lt;\/p>\"}},{\"@type\":\"Question\",\"url\":\"https:\/\/www.franke-raumwert.de\/aktuelles\/metrofliesen-vertikal-verlegen-der-moderne-trend-fuer-bad-dusche-und-kueche-2026\/2026\/03#welche-raume-eignen-sich-besonders-fur-vertikale-metrofliesen\",\"name\":\"Welche R\u00e4ume eignen sich besonders f\u00fcr vertikale Metrofliesen?\",\"answerCount\":1,\"acceptedAnswer\":{\"@type\":\"Answer\",\"text\":\"&lt;p>Vertikal verlegte Metrofliesen werden besonders h\u00e4ufig eingesetzt in:&lt;\/p>&lt;ul class=\\\"wp-block-list\\\">&lt;!-- wp:list-item -->\\n&lt;li>Badezimmern und Duschen&lt;\/li>\\n&lt;!-- \/wp:list-item -->\\n\\n&lt;!-- wp:list-item -->\\n&lt;li>G\u00e4ste-WCs&lt;\/li>\\n&lt;!-- \/wp:list-item -->\\n\\n&lt;!-- wp:list-item -->\\n&lt;li>K\u00fcchenr\u00fcckw\u00e4nden&lt;\/li>\\n&lt;!-- \/wp:list-item -->\\n\\n&lt;!-- wp:list-item -->\\n&lt;li>Nischen oder Akzentw\u00e4nden&lt;\/li>\\n&lt;!-- \/wp:list-item -->&lt;\/ul>&lt;p>Gerade dort, wo W\u00e4nde optisch h\u00f6her wirken sollen, ist diese Verlegeart besonders effektiv.&lt;\/p>\"}},{\"@type\":\"Question\",\"url\":\"https:\/\/www.franke-raumwert.de\/aktuelles\/metrofliesen-vertikal-verlegen-der-moderne-trend-fuer-bad-dusche-und-kueche-2026\/2026\/03#welche-fliesenfarben-liegen-aktuell-im-trend\",\"name\":\"Welche Fliesenfarben liegen aktuell im Trend?\",\"answerCount\":1,\"acceptedAnswer\":{\"@type\":\"Answer\",\"text\":\"&lt;p>Derzeit sind vor allem folgende Farbt\u00f6ne gefragt:&lt;\/p>&lt;ul class=\\\"wp-block-list\\\">&lt;!-- wp:list-item -->\\n&lt;li>warme\u00a0Terracotta- und Cottofarben&lt;\/li>\\n&lt;!-- \/wp:list-item -->\\n\\n&lt;!-- wp:list-item -->\\n&lt;li>klassische\u00a0wei\u00df gl\u00e4nzende Metrofliesen&lt;\/li>\\n&lt;!-- \/wp:list-item -->\\n\\n&lt;!-- wp:list-item -->\\n&lt;li>Salbei- und Gr\u00fcnt\u00f6&lt;strong>ne&lt;\/strong>&lt;\/li>\\n&lt;!-- \/wp:list-item -->\\n\\n&lt;!-- wp:list-item -->\\n&lt;li>tiefe Blau- und Petrolf&lt;strong>arben&lt;\/strong>&lt;\/li>\\n&lt;!-- \/wp:list-item -->&lt;\/ul>&lt;p>Diese Farben lassen sich sowohl modern als auch zeitlos kombinieren.&lt;\/p>\"}},{\"@type\":\"Question\",\"url\":\"https:\/\/www.franke-raumwert.de\/aktuelles\/metrofliesen-vertikal-verlegen-der-moderne-trend-fuer-bad-dusche-und-kueche-2026\/2026\/03#kann-man-metrofliesen-auch-mit-anderen-fliesen-kombinieren\",\"name\":\"Kann man Metrofliesen auch mit anderen Fliesen kombinieren?\",\"answerCount\":1,\"acceptedAnswer\":{\"@type\":\"Answer\",\"text\":\"&lt;p>Ja, Metrofliesen lassen sich hervorragend mit gr\u00f6\u00dferen Bodenfliesen kombinieren, etwa mit Betonoptik, Natursteinoptik oder Terrazzo. Dadurch entsteht ein spannender Materialmix, der R\u00e4ume lebendig und hochwertig wirken l\u00e4sst.&lt;\/p>\"}}]}<\/script><\/div>\n","protected":false},"excerpt":{"rendered":"<p>Vertikal verlegte Metrofliesen sind 2026 mehr als nur ein Trend. Sie sind eine bewusste Designentscheidung. W\u00e4hrend die klassische horizontale Verlegung seit Jahrzehnten als Standard gilt, interpretieren Architekten und Interior-Designer das ikonische Format neu, klarer, h\u00f6her, moderner. Die vertikale Ausrichtung ver\u00e4ndert die Raumwahrnehmung unmittelbar. W\u00e4nde wirken gestreckter, Decken optisch h\u00f6her. Gerade in B\u00e4dern, G\u00e4ste-WCs oder K\u00fcchen [&hellip;]<\/p>\n","protected":false},"author":4,"featured_media":7870,"comment_status":"closed","ping_status":"closed","sticky":false,"template":"","format":"standard","meta":{"_seopress_robots_primary_cat":"","_seopress_titles_title":"","_seopress_titles_desc":"","_seopress_robots_index":"","footnotes":""},"categories":[1,32,10,4,31,3],"tags":[],"class_list":["post-7865","post","type-post","status-publish","format-standard","has-post-thumbnail","hentry","category-allgemein","category-bad","category-wandfliesen","category-trends","category-planung","category-wohnideen"],"_links":{"self":[{"href":"https:\/\/www.franke-raumwert.de\/aktuelles\/wp-json\/wp\/v2\/posts\/7865","targetHints":{"allow":["GET"]}}],"collection":[{"href":"https:\/\/www.franke-raumwert.de\/aktuelles\/wp-json\/wp\/v2\/posts"}],"about":[{"href":"https:\/\/www.franke-raumwert.de\/aktuelles\/wp-json\/wp\/v2\/types\/post"}],"author":[{"embeddable":true,"href":"https:\/\/www.franke-raumwert.de\/aktuelles\/wp-json\/wp\/v2\/users\/4"}],"replies":[{"embeddable":true,"href":"https:\/\/www.franke-raumwert.de\/aktuelles\/wp-json\/wp\/v2\/comments?post=7865"}],"version-history":[{"count":10,"href":"https:\/\/www.franke-raumwert.de\/aktuelles\/wp-json\/wp\/v2\/posts\/7865\/revisions"}],"predecessor-version":[{"id":7901,"href":"https:\/\/www.franke-raumwert.de\/aktuelles\/wp-json\/wp\/v2\/posts\/7865\/revisions\/7901"}],"wp:featuredmedia":[{"embeddable":true,"href":"https:\/\/www.franke-raumwert.de\/aktuelles\/wp-json\/wp\/v2\/media\/7870"}],"wp:attachment":[{"href":"https:\/\/www.franke-raumwert.de\/aktuelles\/wp-json\/wp\/v2\/media?parent=7865"}],"wp:term":[{"taxonomy":"category","embeddable":true,"href":"https:\/\/www.franke-raumwert.de\/aktuelles\/wp-json\/wp\/v2\/categories?post=7865"},{"taxonomy":"post_tag","embeddable":true,"href":"https:\/\/www.franke-raumwert.de\/aktuelles\/wp-json\/wp\/v2\/tags?post=7865"}],"curies":[{"name":"wp","href":"https:\/\/api.w.org\/{rel}","templated":true}]}}